{"id":11629,"date":"2022-10-02T14:52:45","date_gmt":"2022-10-02T14:52:45","guid":{"rendered":"https:\/\/fusefornews.com\/2022\/10\/02\/brexit-uk-and-eu-to-restart-talks-over-ni-protocol\/"},"modified":"2022-10-02T14:52:45","modified_gmt":"2022-10-02T14:52:45","slug":"brexit-uk-and-eu-to-restart-talks-over-ni-protocol","status":"publish","type":"post","link":"https:\/\/fusefornews.com\/?p=11629","title":{"rendered":"Brexit: UK and EU to restart talks over NI Protocol"},"content":{"rendered":"<p> [ad_1]<br \/>\n<br \/>The move comes after Foreign Secretary James Cleverly spoke to his EU counterpart Maro\u0161 \u0160ef\u010dovi\u010d.<br \/>\n<br \/>[ad_2]<br \/>\n<br \/><a href=\"https:\/\/www.bbc.co.uk\/news\/uk-northern-ireland-63081585?at_medium=RSS&#038;at_campaign=KARANGA\">Source link <\/a><\/p>\n","protected":false},"excerpt":{"rendered":"<p>[ad_1] The move comes after Foreign Secretary James Cleverly spoke to his EU counterpart Maro\u0161 \u0160ef\u010dovi\u010d. [ad_2] Source link<\/p>\n","protected":false},"author":1,"featured_media":11630,"comment_status":"open","ping_status":"open","sticky":false,"template":"","format":"standard","meta":[],"categories":[12],"tags":[],"_links":{"self":[{"href":"https:\/\/fusefornews.com\/index.php?rest_route=\/wp\/v2\/posts\/11629"}],"collection":[{"href":"https:\/\/fusefornews.com\/index.php?rest_route=\/wp\/v2\/posts"}],"about":[{"href":"https:\/\/fusefornews.com\/index.php?rest_route=\/wp\/v2\/types\/post"}],"author":[{"embeddable":true,"href":"https:\/\/fusefornews.com\/index.php?rest_route=\/wp\/v2\/users\/1"}],"replies":[{"embeddable":true,"href":"https:\/\/fusefornews.com\/index.php?rest_route=%2Fwp%2Fv2%2Fcomments&post=11629"}],"version-history":[{"count":0,"href":"https:\/\/fusefornews.com\/index.php?rest_route=\/wp\/v2\/posts\/11629\/revisions"}],"wp:featuredmedia":[{"embeddable":true,"href":"https:\/\/fusefornews.com\/index.php?rest_route=\/wp\/v2\/media\/11630"}],"wp:attachment":[{"href":"https:\/\/fusefornews.com\/index.php?rest_route=%2Fwp%2Fv2%2Fmedia&parent=11629"}],"wp:term":[{"taxonomy":"category","embeddable":true,"href":"https:\/\/fusefornews.com\/index.php?rest_route=%2Fwp%2Fv2%2Fcategories&post=11629"},{"taxonomy":"post_tag","embeddable":true,"href":"https:\/\/fusefornews.com\/index.php?rest_route=%2Fwp%2Fv2%2Ftags&post=11629"}],"curies":[{"name":"wp","href":"https:\/\/api.w.org\/{rel}","templated":true}]}}